{"id":653,"date":"2021-06-24T22:15:08","date_gmt":"2021-06-24T22:15:08","guid":{"rendered":"https:\/\/www.accessprovence.com\/?p=653"},"modified":"2022-03-10T15:09:50","modified_gmt":"2022-03-10T15:09:50","slug":"marseille-en-profondeur","status":"publish","type":"post","link":"https:\/\/www.accessprovence.com\/index.php\/2021\/06\/24\/marseille-en-profondeur\/","title":{"rendered":"Visite en Van, itin\u00e9raire personnalis\u00e9 !"},"content":{"rendered":"","protected":false},"excerpt":{"rendered":"<p>Balade \u00e0 travers les lieux et les monuments les plus repr\u00e9sentatifs de Marseille. <\/p>\n","protected":false},"author":2,"featured_media":0,"comment_status":"open","ping_status":"open","sticky":false,"template":"","format":"standard","meta":{"_acf_changed":false,"footnotes":""},"categories":[9],"tags":[],"class_list":["post-653","post","type-post","status-publish","format-standard","hentry","category-tourisme-decouvertes"],"acf":[],"yoast_head":"<!-- This site is optimized with the Yoast SEO plugin v27.5 - https:\/\/yoast.com\/product\/yoast-seo-wordpress\/ -->\n<title>Visite en Van, itin\u00e9raire personnalis\u00e9 ! - Access Provence<\/title>\n<meta name=\"robots\" content=\"index, follow, max-snippet:-1, max-image-preview:large, max-video-preview:-1\" \/>\n<link rel=\"canonical\" href=\"https:\/\/www.accessprovence.com\/index.php\/2021\/06\/24\/marseille-en-profondeur\/\" \/>\n<meta property=\"og:locale\" content=\"fr_FR\" \/>\n<meta property=\"og:type\" content=\"article\" \/>\n<meta property=\"og:title\" content=\"Visite en Van, itin\u00e9raire personnalis\u00e9 ! - Access Provence\" \/>\n<meta property=\"og:description\" content=\"Balade \u00e0 travers les lieux et les monuments les plus repr\u00e9sentatifs de Marseille.\" \/>\n<meta property=\"og:url\" content=\"https:\/\/www.accessprovence.com\/index.php\/2021\/06\/24\/marseille-en-profondeur\/\" \/>\n<meta property=\"og:site_name\" content=\"Access Provence\" \/>\n<meta property=\"article:published_time\" content=\"2021-06-24T22:15:08+00:00\" \/>\n<meta property=\"article:modified_time\" content=\"2022-03-10T15:09:50+00:00\" \/>\n<meta name=\"author\" content=\"Guy Karaghiosian\" \/>\n<meta name=\"twitter:card\" content=\"summary_large_image\" \/>\n<meta name=\"twitter:label1\" content=\"\u00c9crit par\" \/>\n\t<meta name=\"twitter:data1\" content=\"Guy Karaghiosian\" \/>\n<script type=\"application\/ld+json\" class=\"yoast-schema-graph\">{\"@context\":\"https:\\\/\\\/schema.org\",\"@graph\":[{\"@type\":\"Article\",\"@id\":\"https:\\\/\\\/www.accessprovence.com\\\/index.php\\\/2021\\\/06\\\/24\\\/marseille-en-profondeur\\\/#article\",\"isPartOf\":{\"@id\":\"https:\\\/\\\/www.accessprovence.com\\\/index.php\\\/2021\\\/06\\\/24\\\/marseille-en-profondeur\\\/\"},\"author\":{\"name\":\"Guy Karaghiosian\",\"@id\":\"https:\\\/\\\/www.accessprovence.com\\\/#\\\/schema\\\/person\\\/5c1bf374b7910e1393a07eb69e7256aa\"},\"headline\":\"Visite en Van, itin\u00e9raire personnalis\u00e9 !\",\"datePublished\":\"2021-06-24T22:15:08+00:00\",\"dateModified\":\"2022-03-10T15:09:50+00:00\",\"mainEntityOfPage\":{\"@id\":\"https:\\\/\\\/www.accessprovence.com\\\/index.php\\\/2021\\\/06\\\/24\\\/marseille-en-profondeur\\\/\"},\"wordCount\":6,\"commentCount\":0,\"publisher\":{\"@id\":\"https:\\\/\\\/www.accessprovence.com\\\/#organization\"},\"articleSection\":[\"Tourisme &amp; d\u00e9couvertes\u200b\"],\"inLanguage\":\"fr-FR\",\"potentialAction\":[{\"@type\":\"CommentAction\",\"name\":\"Comment\",\"target\":[\"https:\\\/\\\/www.accessprovence.com\\\/index.php\\\/2021\\\/06\\\/24\\\/marseille-en-profondeur\\\/#respond\"]}]},{\"@type\":\"WebPage\",\"@id\":\"https:\\\/\\\/www.accessprovence.com\\\/index.php\\\/2021\\\/06\\\/24\\\/marseille-en-profondeur\\\/\",\"url\":\"https:\\\/\\\/www.accessprovence.com\\\/index.php\\\/2021\\\/06\\\/24\\\/marseille-en-profondeur\\\/\",\"name\":\"Visite en Van, itin\u00e9raire personnalis\u00e9 ! - Access Provence\",\"isPartOf\":{\"@id\":\"https:\\\/\\\/www.accessprovence.com\\\/#website\"},\"datePublished\":\"2021-06-24T22:15:08+00:00\",\"dateModified\":\"2022-03-10T15:09:50+00:00\",\"breadcrumb\":{\"@id\":\"https:\\\/\\\/www.accessprovence.com\\\/index.php\\\/2021\\\/06\\\/24\\\/marseille-en-profondeur\\\/#breadcrumb\"},\"inLanguage\":\"fr-FR\",\"potentialAction\":[{\"@type\":\"ReadAction\",\"target\":[\"https:\\\/\\\/www.accessprovence.com\\\/index.php\\\/2021\\\/06\\\/24\\\/marseille-en-profondeur\\\/\"]}]},{\"@type\":\"BreadcrumbList\",\"@id\":\"https:\\\/\\\/www.accessprovence.com\\\/index.php\\\/2021\\\/06\\\/24\\\/marseille-en-profondeur\\\/#breadcrumb\",\"itemListElement\":[{\"@type\":\"ListItem\",\"position\":1,\"name\":\"Home\",\"item\":\"https:\\\/\\\/www.accessprovence.com\\\/\"},{\"@type\":\"ListItem\",\"position\":2,\"name\":\"Visite en Van, itin\u00e9raire personnalis\u00e9 !\"}]},{\"@type\":\"WebSite\",\"@id\":\"https:\\\/\\\/www.accessprovence.com\\\/#website\",\"url\":\"https:\\\/\\\/www.accessprovence.com\\\/\",\"name\":\"Access Provence\",\"description\":\"Services de transport de passagers - V\u00e9hicules avec chauffeur - Tours guid\u00e9s\",\"publisher\":{\"@id\":\"https:\\\/\\\/www.accessprovence.com\\\/#organization\"},\"potentialAction\":[{\"@type\":\"SearchAction\",\"target\":{\"@type\":\"EntryPoint\",\"urlTemplate\":\"https:\\\/\\\/www.accessprovence.com\\\/?s={search_term_string}\"},\"query-input\":{\"@type\":\"PropertyValueSpecification\",\"valueRequired\":true,\"valueName\":\"search_term_string\"}}],\"inLanguage\":\"fr-FR\"},{\"@type\":\"Organization\",\"@id\":\"https:\\\/\\\/www.accessprovence.com\\\/#organization\",\"name\":\"Access Provence\",\"url\":\"https:\\\/\\\/www.accessprovence.com\\\/\",\"logo\":{\"@type\":\"ImageObject\",\"inLanguage\":\"fr-FR\",\"@id\":\"https:\\\/\\\/www.accessprovence.com\\\/#\\\/schema\\\/logo\\\/image\\\/\",\"url\":\"https:\\\/\\\/www.accessprovence.com\\\/wp-content\\\/uploads\\\/2021\\\/05\\\/logo-blanc-final.png\",\"contentUrl\":\"https:\\\/\\\/www.accessprovence.com\\\/wp-content\\\/uploads\\\/2021\\\/05\\\/logo-blanc-final.png\",\"width\":509,\"height\":197,\"caption\":\"Access Provence\"},\"image\":{\"@id\":\"https:\\\/\\\/www.accessprovence.com\\\/#\\\/schema\\\/logo\\\/image\\\/\"}},{\"@type\":\"Person\",\"@id\":\"https:\\\/\\\/www.accessprovence.com\\\/#\\\/schema\\\/person\\\/5c1bf374b7910e1393a07eb69e7256aa\",\"name\":\"Guy Karaghiosian\",\"image\":{\"@type\":\"ImageObject\",\"inLanguage\":\"fr-FR\",\"@id\":\"https:\\\/\\\/secure.gravatar.com\\\/avatar\\\/f656ece86f8472ac5a8ccc849d7bc277d1d046063f3b7c449605ef3e25ad1d80?s=96&d=mm&r=g\",\"url\":\"https:\\\/\\\/secure.gravatar.com\\\/avatar\\\/f656ece86f8472ac5a8ccc849d7bc277d1d046063f3b7c449605ef3e25ad1d80?s=96&d=mm&r=g\",\"contentUrl\":\"https:\\\/\\\/secure.gravatar.com\\\/avatar\\\/f656ece86f8472ac5a8ccc849d7bc277d1d046063f3b7c449605ef3e25ad1d80?s=96&d=mm&r=g\",\"caption\":\"Guy Karaghiosian\"},\"url\":\"https:\\\/\\\/www.accessprovence.com\\\/index.php\\\/author\\\/guyk\\\/\"}]}<\/script>\n<!-- \/ Yoast SEO plugin. -->","yoast_head_json":{"title":"Visite en Van, itin\u00e9raire personnalis\u00e9 ! - Access Provence","robots":{"index":"index","follow":"follow","max-snippet":"max-snippet:-1","max-image-preview":"max-image-preview:large","max-video-preview":"max-video-preview:-1"},"canonical":"https:\/\/www.accessprovence.com\/index.php\/2021\/06\/24\/marseille-en-profondeur\/","og_locale":"fr_FR","og_type":"article","og_title":"Visite en Van, itin\u00e9raire personnalis\u00e9 ! - Access Provence","og_description":"Balade \u00e0 travers les lieux et les monuments les plus repr\u00e9sentatifs de Marseille.","og_url":"https:\/\/www.accessprovence.com\/index.php\/2021\/06\/24\/marseille-en-profondeur\/","og_site_name":"Access Provence","article_published_time":"2021-06-24T22:15:08+00:00","article_modified_time":"2022-03-10T15:09:50+00:00","author":"Guy Karaghiosian","twitter_card":"summary_large_image","twitter_misc":{"\u00c9crit par":"Guy Karaghiosian"},"schema":{"@context":"https:\/\/schema.org","@graph":[{"@type":"Article","@id":"https:\/\/www.accessprovence.com\/index.php\/2021\/06\/24\/marseille-en-profondeur\/#article","isPartOf":{"@id":"https:\/\/www.accessprovence.com\/index.php\/2021\/06\/24\/marseille-en-profondeur\/"},"author":{"name":"Guy Karaghiosian","@id":"https:\/\/www.accessprovence.com\/#\/schema\/person\/5c1bf374b7910e1393a07eb69e7256aa"},"headline":"Visite en Van, itin\u00e9raire personnalis\u00e9 !","datePublished":"2021-06-24T22:15:08+00:00","dateModified":"2022-03-10T15:09:50+00:00","mainEntityOfPage":{"@id":"https:\/\/www.accessprovence.com\/index.php\/2021\/06\/24\/marseille-en-profondeur\/"},"wordCount":6,"commentCount":0,"publisher":{"@id":"https:\/\/www.accessprovence.com\/#organization"},"articleSection":["Tourisme &amp; d\u00e9couvertes\u200b"],"inLanguage":"fr-FR","potentialAction":[{"@type":"CommentAction","name":"Comment","target":["https:\/\/www.accessprovence.com\/index.php\/2021\/06\/24\/marseille-en-profondeur\/#respond"]}]},{"@type":"WebPage","@id":"https:\/\/www.accessprovence.com\/index.php\/2021\/06\/24\/marseille-en-profondeur\/","url":"https:\/\/www.accessprovence.com\/index.php\/2021\/06\/24\/marseille-en-profondeur\/","name":"Visite en Van, itin\u00e9raire personnalis\u00e9 ! - Access Provence","isPartOf":{"@id":"https:\/\/www.accessprovence.com\/#website"},"datePublished":"2021-06-24T22:15:08+00:00","dateModified":"2022-03-10T15:09:50+00:00","breadcrumb":{"@id":"https:\/\/www.accessprovence.com\/index.php\/2021\/06\/24\/marseille-en-profondeur\/#breadcrumb"},"inLanguage":"fr-FR","potentialAction":[{"@type":"ReadAction","target":["https:\/\/www.accessprovence.com\/index.php\/2021\/06\/24\/marseille-en-profondeur\/"]}]},{"@type":"BreadcrumbList","@id":"https:\/\/www.accessprovence.com\/index.php\/2021\/06\/24\/marseille-en-profondeur\/#breadcrumb","itemListElement":[{"@type":"ListItem","position":1,"name":"Home","item":"https:\/\/www.accessprovence.com\/"},{"@type":"ListItem","position":2,"name":"Visite en Van, itin\u00e9raire personnalis\u00e9 !"}]},{"@type":"WebSite","@id":"https:\/\/www.accessprovence.com\/#website","url":"https:\/\/www.accessprovence.com\/","name":"Access Provence","description":"Services de transport de passagers - V\u00e9hicules avec chauffeur - Tours guid\u00e9s","publisher":{"@id":"https:\/\/www.accessprovence.com\/#organization"},"potentialAction":[{"@type":"SearchAction","target":{"@type":"EntryPoint","urlTemplate":"https:\/\/www.accessprovence.com\/?s={search_term_string}"},"query-input":{"@type":"PropertyValueSpecification","valueRequired":true,"valueName":"search_term_string"}}],"inLanguage":"fr-FR"},{"@type":"Organization","@id":"https:\/\/www.accessprovence.com\/#organization","name":"Access Provence","url":"https:\/\/www.accessprovence.com\/","logo":{"@type":"ImageObject","inLanguage":"fr-FR","@id":"https:\/\/www.accessprovence.com\/#\/schema\/logo\/image\/","url":"https:\/\/www.accessprovence.com\/wp-content\/uploads\/2021\/05\/logo-blanc-final.png","contentUrl":"https:\/\/www.accessprovence.com\/wp-content\/uploads\/2021\/05\/logo-blanc-final.png","width":509,"height":197,"caption":"Access Provence"},"image":{"@id":"https:\/\/www.accessprovence.com\/#\/schema\/logo\/image\/"}},{"@type":"Person","@id":"https:\/\/www.accessprovence.com\/#\/schema\/person\/5c1bf374b7910e1393a07eb69e7256aa","name":"Guy Karaghiosian","image":{"@type":"ImageObject","inLanguage":"fr-FR","@id":"https:\/\/secure.gravatar.com\/avatar\/f656ece86f8472ac5a8ccc849d7bc277d1d046063f3b7c449605ef3e25ad1d80?s=96&d=mm&r=g","url":"https:\/\/secure.gravatar.com\/avatar\/f656ece86f8472ac5a8ccc849d7bc277d1d046063f3b7c449605ef3e25ad1d80?s=96&d=mm&r=g","contentUrl":"https:\/\/secure.gravatar.com\/avatar\/f656ece86f8472ac5a8ccc849d7bc277d1d046063f3b7c449605ef3e25ad1d80?s=96&d=mm&r=g","caption":"Guy Karaghiosian"},"url":"https:\/\/www.accessprovence.com\/index.php\/author\/guyk\/"}]}},"_links":{"self":[{"href":"https:\/\/www.accessprovence.com\/index.php\/wp-json\/wp\/v2\/posts\/653","targetHints":{"allow":["GET"]}}],"collection":[{"href":"https:\/\/www.accessprovence.com\/index.php\/wp-json\/wp\/v2\/posts"}],"about":[{"href":"https:\/\/www.accessprovence.com\/index.php\/wp-json\/wp\/v2\/types\/post"}],"author":[{"embeddable":true,"href":"https:\/\/www.accessprovence.com\/index.php\/wp-json\/wp\/v2\/users\/2"}],"replies":[{"embeddable":true,"href":"https:\/\/www.accessprovence.com\/index.php\/wp-json\/wp\/v2\/comments?post=653"}],"version-history":[{"count":5,"href":"https:\/\/www.accessprovence.com\/index.php\/wp-json\/wp\/v2\/posts\/653\/revisions"}],"predecessor-version":[{"id":1149,"href":"https:\/\/www.accessprovence.com\/index.php\/wp-json\/wp\/v2\/posts\/653\/revisions\/1149"}],"wp:attachment":[{"href":"https:\/\/www.accessprovence.com\/index.php\/wp-json\/wp\/v2\/media?parent=653"}],"wp:term":[{"taxonomy":"category","embeddable":true,"href":"https:\/\/www.accessprovence.com\/index.php\/wp-json\/wp\/v2\/categories?post=653"},{"taxonomy":"post_tag","embeddable":true,"href":"https:\/\/www.accessprovence.com\/index.php\/wp-json\/wp\/v2\/tags?post=653"}],"curies":[{"name":"wp","href":"https:\/\/api.w.org\/{rel}","templated":true}]}}