{"id":562,"date":"2021-06-24T10:49:45","date_gmt":"2021-06-24T10:49:45","guid":{"rendered":"https:\/\/www.accessprovence.com\/?p=562"},"modified":"2022-03-10T15:13:54","modified_gmt":"2022-03-10T15:13:54","slug":"de-marseille-a-la-ciotat","status":"publish","type":"post","link":"https:\/\/www.accessprovence.com\/index.php\/2021\/06\/24\/de-marseille-a-la-ciotat\/","title":{"rendered":"Circuits d\u00e9couvertes, \u00e0 la journ\u00e9e en VAN"},"content":{"rendered":"","protected":false},"excerpt":{"rendered":"<p>Au d\u00e9part de Marseille,  quatre circuits pour d\u00e9couvrir une partie de notre belle Provence.<\/p>\n","protected":false},"author":1,"featured_media":436,"comment_status":"closed","ping_status":"closed","sticky":false,"template":"","format":"standard","meta":{"_acf_changed":false,"footnotes":""},"categories":[9],"tags":[],"class_list":["post-562","post","type-post","status-publish","format-standard","has-post-thumbnail","hentry","category-tourisme-decouvertes"],"acf":[],"yoast_head":"<!-- This site is optimized with the Yoast SEO plugin v27.5 - https:\/\/yoast.com\/product\/yoast-seo-wordpress\/ -->\n<title>Circuits d\u00e9couvertes, \u00e0 la journ\u00e9e en VAN - Access Provence<\/title>\n<meta name=\"description\" content=\"38\" \/>\n<meta name=\"robots\" content=\"index, follow, max-snippet:-1, max-image-preview:large, max-video-preview:-1\" \/>\n<link rel=\"canonical\" href=\"https:\/\/www.accessprovence.com\/index.php\/2021\/06\/24\/de-marseille-a-la-ciotat\/\" \/>\n<meta property=\"og:locale\" content=\"fr_FR\" \/>\n<meta property=\"og:type\" content=\"article\" \/>\n<meta property=\"og:title\" content=\"Circuits d\u00e9couvertes, \u00e0 la journ\u00e9e en VAN - Access Provence\" \/>\n<meta property=\"og:description\" content=\"38\" \/>\n<meta property=\"og:url\" content=\"https:\/\/www.accessprovence.com\/index.php\/2021\/06\/24\/de-marseille-a-la-ciotat\/\" \/>\n<meta property=\"og:site_name\" content=\"Access Provence\" \/>\n<meta property=\"article:published_time\" content=\"2021-06-24T10:49:45+00:00\" \/>\n<meta property=\"article:modified_time\" content=\"2022-03-10T15:13:54+00:00\" \/>\n<meta property=\"og:image\" content=\"https:\/\/www.accessprovence.com\/wp-content\/uploads\/2021\/05\/cassis_le_bestouan3-scaled.jpg\" \/>\n\t<meta property=\"og:image:width\" content=\"2560\" \/>\n\t<meta property=\"og:image:height\" content=\"1440\" \/>\n\t<meta property=\"og:image:type\" content=\"image\/jpeg\" \/>\n<meta name=\"author\" content=\"support\" \/>\n<meta name=\"twitter:card\" content=\"summary_large_image\" \/>\n<meta name=\"twitter:label1\" content=\"\u00c9crit par\" \/>\n\t<meta name=\"twitter:data1\" content=\"support\" \/>\n<script type=\"application\/ld+json\" class=\"yoast-schema-graph\">{\"@context\":\"https:\\\/\\\/schema.org\",\"@graph\":[{\"@type\":\"Article\",\"@id\":\"https:\\\/\\\/www.accessprovence.com\\\/index.php\\\/2021\\\/06\\\/24\\\/de-marseille-a-la-ciotat\\\/#article\",\"isPartOf\":{\"@id\":\"https:\\\/\\\/www.accessprovence.com\\\/index.php\\\/2021\\\/06\\\/24\\\/de-marseille-a-la-ciotat\\\/\"},\"author\":{\"name\":\"support\",\"@id\":\"https:\\\/\\\/www.accessprovence.com\\\/#\\\/schema\\\/person\\\/b6b692b04e4b27801b41ad1a669090b7\"},\"headline\":\"Circuits d\u00e9couvertes, \u00e0 la journ\u00e9e en VAN\",\"datePublished\":\"2021-06-24T10:49:45+00:00\",\"dateModified\":\"2022-03-10T15:13:54+00:00\",\"mainEntityOfPage\":{\"@id\":\"https:\\\/\\\/www.accessprovence.com\\\/index.php\\\/2021\\\/06\\\/24\\\/de-marseille-a-la-ciotat\\\/\"},\"wordCount\":8,\"publisher\":{\"@id\":\"https:\\\/\\\/www.accessprovence.com\\\/#organization\"},\"image\":{\"@id\":\"https:\\\/\\\/www.accessprovence.com\\\/index.php\\\/2021\\\/06\\\/24\\\/de-marseille-a-la-ciotat\\\/#primaryimage\"},\"thumbnailUrl\":\"https:\\\/\\\/www.accessprovence.com\\\/wp-content\\\/uploads\\\/2021\\\/05\\\/cassis_le_bestouan3-scaled.jpg\",\"articleSection\":[\"Tourisme &amp; d\u00e9couvertes\u200b\"],\"inLanguage\":\"fr-FR\"},{\"@type\":\"WebPage\",\"@id\":\"https:\\\/\\\/www.accessprovence.com\\\/index.php\\\/2021\\\/06\\\/24\\\/de-marseille-a-la-ciotat\\\/\",\"url\":\"https:\\\/\\\/www.accessprovence.com\\\/index.php\\\/2021\\\/06\\\/24\\\/de-marseille-a-la-ciotat\\\/\",\"name\":\"Circuits d\u00e9couvertes, \u00e0 la journ\u00e9e en VAN - Access Provence\",\"isPartOf\":{\"@id\":\"https:\\\/\\\/www.accessprovence.com\\\/#website\"},\"primaryImageOfPage\":{\"@id\":\"https:\\\/\\\/www.accessprovence.com\\\/index.php\\\/2021\\\/06\\\/24\\\/de-marseille-a-la-ciotat\\\/#primaryimage\"},\"image\":{\"@id\":\"https:\\\/\\\/www.accessprovence.com\\\/index.php\\\/2021\\\/06\\\/24\\\/de-marseille-a-la-ciotat\\\/#primaryimage\"},\"thumbnailUrl\":\"https:\\\/\\\/www.accessprovence.com\\\/wp-content\\\/uploads\\\/2021\\\/05\\\/cassis_le_bestouan3-scaled.jpg\",\"datePublished\":\"2021-06-24T10:49:45+00:00\",\"dateModified\":\"2022-03-10T15:13:54+00:00\",\"description\":\"38\",\"breadcrumb\":{\"@id\":\"https:\\\/\\\/www.accessprovence.com\\\/index.php\\\/2021\\\/06\\\/24\\\/de-marseille-a-la-ciotat\\\/#breadcrumb\"},\"inLanguage\":\"fr-FR\",\"potentialAction\":[{\"@type\":\"ReadAction\",\"target\":[\"https:\\\/\\\/www.accessprovence.com\\\/index.php\\\/2021\\\/06\\\/24\\\/de-marseille-a-la-ciotat\\\/\"]}]},{\"@type\":\"ImageObject\",\"inLanguage\":\"fr-FR\",\"@id\":\"https:\\\/\\\/www.accessprovence.com\\\/index.php\\\/2021\\\/06\\\/24\\\/de-marseille-a-la-ciotat\\\/#primaryimage\",\"url\":\"https:\\\/\\\/www.accessprovence.com\\\/wp-content\\\/uploads\\\/2021\\\/05\\\/cassis_le_bestouan3-scaled.jpg\",\"contentUrl\":\"https:\\\/\\\/www.accessprovence.com\\\/wp-content\\\/uploads\\\/2021\\\/05\\\/cassis_le_bestouan3-scaled.jpg\",\"width\":2560,\"height\":1440},{\"@type\":\"BreadcrumbList\",\"@id\":\"https:\\\/\\\/www.accessprovence.com\\\/index.php\\\/2021\\\/06\\\/24\\\/de-marseille-a-la-ciotat\\\/#breadcrumb\",\"itemListElement\":[{\"@type\":\"ListItem\",\"position\":1,\"name\":\"Home\",\"item\":\"https:\\\/\\\/www.accessprovence.com\\\/\"},{\"@type\":\"ListItem\",\"position\":2,\"name\":\"Circuits d\u00e9couvertes, \u00e0 la journ\u00e9e en VAN\"}]},{\"@type\":\"WebSite\",\"@id\":\"https:\\\/\\\/www.accessprovence.com\\\/#website\",\"url\":\"https:\\\/\\\/www.accessprovence.com\\\/\",\"name\":\"Access Provence\",\"description\":\"Services de transport de passagers - V\u00e9hicules avec chauffeur - Tours guid\u00e9s\",\"publisher\":{\"@id\":\"https:\\\/\\\/www.accessprovence.com\\\/#organization\"},\"potentialAction\":[{\"@type\":\"SearchAction\",\"target\":{\"@type\":\"EntryPoint\",\"urlTemplate\":\"https:\\\/\\\/www.accessprovence.com\\\/?s={search_term_string}\"},\"query-input\":{\"@type\":\"PropertyValueSpecification\",\"valueRequired\":true,\"valueName\":\"search_term_string\"}}],\"inLanguage\":\"fr-FR\"},{\"@type\":\"Organization\",\"@id\":\"https:\\\/\\\/www.accessprovence.com\\\/#organization\",\"name\":\"Access Provence\",\"url\":\"https:\\\/\\\/www.accessprovence.com\\\/\",\"logo\":{\"@type\":\"ImageObject\",\"inLanguage\":\"fr-FR\",\"@id\":\"https:\\\/\\\/www.accessprovence.com\\\/#\\\/schema\\\/logo\\\/image\\\/\",\"url\":\"https:\\\/\\\/www.accessprovence.com\\\/wp-content\\\/uploads\\\/2021\\\/05\\\/logo-blanc-final.png\",\"contentUrl\":\"https:\\\/\\\/www.accessprovence.com\\\/wp-content\\\/uploads\\\/2021\\\/05\\\/logo-blanc-final.png\",\"width\":509,\"height\":197,\"caption\":\"Access Provence\"},\"image\":{\"@id\":\"https:\\\/\\\/www.accessprovence.com\\\/#\\\/schema\\\/logo\\\/image\\\/\"}},{\"@type\":\"Person\",\"@id\":\"https:\\\/\\\/www.accessprovence.com\\\/#\\\/schema\\\/person\\\/b6b692b04e4b27801b41ad1a669090b7\",\"name\":\"support\",\"image\":{\"@type\":\"ImageObject\",\"inLanguage\":\"fr-FR\",\"@id\":\"https:\\\/\\\/secure.gravatar.com\\\/avatar\\\/56adc09f5cbac0f0f63cf9e8526e2ca083d308645bd92288adada814859a944f?s=96&d=mm&r=g\",\"url\":\"https:\\\/\\\/secure.gravatar.com\\\/avatar\\\/56adc09f5cbac0f0f63cf9e8526e2ca083d308645bd92288adada814859a944f?s=96&d=mm&r=g\",\"contentUrl\":\"https:\\\/\\\/secure.gravatar.com\\\/avatar\\\/56adc09f5cbac0f0f63cf9e8526e2ca083d308645bd92288adada814859a944f?s=96&d=mm&r=g\",\"caption\":\"support\"},\"sameAs\":[\"http:\\\/\\\/www.accessprovence.com\"],\"url\":\"https:\\\/\\\/www.accessprovence.com\\\/index.php\\\/author\\\/support\\\/\"}]}<\/script>\n<!-- \/ Yoast SEO plugin. -->","yoast_head_json":{"title":"Circuits d\u00e9couvertes, \u00e0 la journ\u00e9e en VAN - Access Provence","description":"38","robots":{"index":"index","follow":"follow","max-snippet":"max-snippet:-1","max-image-preview":"max-image-preview:large","max-video-preview":"max-video-preview:-1"},"canonical":"https:\/\/www.accessprovence.com\/index.php\/2021\/06\/24\/de-marseille-a-la-ciotat\/","og_locale":"fr_FR","og_type":"article","og_title":"Circuits d\u00e9couvertes, \u00e0 la journ\u00e9e en VAN - Access Provence","og_description":"38","og_url":"https:\/\/www.accessprovence.com\/index.php\/2021\/06\/24\/de-marseille-a-la-ciotat\/","og_site_name":"Access Provence","article_published_time":"2021-06-24T10:49:45+00:00","article_modified_time":"2022-03-10T15:13:54+00:00","og_image":[{"width":2560,"height":1440,"url":"https:\/\/www.accessprovence.com\/wp-content\/uploads\/2021\/05\/cassis_le_bestouan3-scaled.jpg","type":"image\/jpeg"}],"author":"support","twitter_card":"summary_large_image","twitter_misc":{"\u00c9crit par":"support"},"schema":{"@context":"https:\/\/schema.org","@graph":[{"@type":"Article","@id":"https:\/\/www.accessprovence.com\/index.php\/2021\/06\/24\/de-marseille-a-la-ciotat\/#article","isPartOf":{"@id":"https:\/\/www.accessprovence.com\/index.php\/2021\/06\/24\/de-marseille-a-la-ciotat\/"},"author":{"name":"support","@id":"https:\/\/www.accessprovence.com\/#\/schema\/person\/b6b692b04e4b27801b41ad1a669090b7"},"headline":"Circuits d\u00e9couvertes, \u00e0 la journ\u00e9e en VAN","datePublished":"2021-06-24T10:49:45+00:00","dateModified":"2022-03-10T15:13:54+00:00","mainEntityOfPage":{"@id":"https:\/\/www.accessprovence.com\/index.php\/2021\/06\/24\/de-marseille-a-la-ciotat\/"},"wordCount":8,"publisher":{"@id":"https:\/\/www.accessprovence.com\/#organization"},"image":{"@id":"https:\/\/www.accessprovence.com\/index.php\/2021\/06\/24\/de-marseille-a-la-ciotat\/#primaryimage"},"thumbnailUrl":"https:\/\/www.accessprovence.com\/wp-content\/uploads\/2021\/05\/cassis_le_bestouan3-scaled.jpg","articleSection":["Tourisme &amp; d\u00e9couvertes\u200b"],"inLanguage":"fr-FR"},{"@type":"WebPage","@id":"https:\/\/www.accessprovence.com\/index.php\/2021\/06\/24\/de-marseille-a-la-ciotat\/","url":"https:\/\/www.accessprovence.com\/index.php\/2021\/06\/24\/de-marseille-a-la-ciotat\/","name":"Circuits d\u00e9couvertes, \u00e0 la journ\u00e9e en VAN - Access Provence","isPartOf":{"@id":"https:\/\/www.accessprovence.com\/#website"},"primaryImageOfPage":{"@id":"https:\/\/www.accessprovence.com\/index.php\/2021\/06\/24\/de-marseille-a-la-ciotat\/#primaryimage"},"image":{"@id":"https:\/\/www.accessprovence.com\/index.php\/2021\/06\/24\/de-marseille-a-la-ciotat\/#primaryimage"},"thumbnailUrl":"https:\/\/www.accessprovence.com\/wp-content\/uploads\/2021\/05\/cassis_le_bestouan3-scaled.jpg","datePublished":"2021-06-24T10:49:45+00:00","dateModified":"2022-03-10T15:13:54+00:00","description":"38","breadcrumb":{"@id":"https:\/\/www.accessprovence.com\/index.php\/2021\/06\/24\/de-marseille-a-la-ciotat\/#breadcrumb"},"inLanguage":"fr-FR","potentialAction":[{"@type":"ReadAction","target":["https:\/\/www.accessprovence.com\/index.php\/2021\/06\/24\/de-marseille-a-la-ciotat\/"]}]},{"@type":"ImageObject","inLanguage":"fr-FR","@id":"https:\/\/www.accessprovence.com\/index.php\/2021\/06\/24\/de-marseille-a-la-ciotat\/#primaryimage","url":"https:\/\/www.accessprovence.com\/wp-content\/uploads\/2021\/05\/cassis_le_bestouan3-scaled.jpg","contentUrl":"https:\/\/www.accessprovence.com\/wp-content\/uploads\/2021\/05\/cassis_le_bestouan3-scaled.jpg","width":2560,"height":1440},{"@type":"BreadcrumbList","@id":"https:\/\/www.accessprovence.com\/index.php\/2021\/06\/24\/de-marseille-a-la-ciotat\/#breadcrumb","itemListElement":[{"@type":"ListItem","position":1,"name":"Home","item":"https:\/\/www.accessprovence.com\/"},{"@type":"ListItem","position":2,"name":"Circuits d\u00e9couvertes, \u00e0 la journ\u00e9e en VAN"}]},{"@type":"WebSite","@id":"https:\/\/www.accessprovence.com\/#website","url":"https:\/\/www.accessprovence.com\/","name":"Access Provence","description":"Services de transport de passagers - V\u00e9hicules avec chauffeur - Tours guid\u00e9s","publisher":{"@id":"https:\/\/www.accessprovence.com\/#organization"},"potentialAction":[{"@type":"SearchAction","target":{"@type":"EntryPoint","urlTemplate":"https:\/\/www.accessprovence.com\/?s={search_term_string}"},"query-input":{"@type":"PropertyValueSpecification","valueRequired":true,"valueName":"search_term_string"}}],"inLanguage":"fr-FR"},{"@type":"Organization","@id":"https:\/\/www.accessprovence.com\/#organization","name":"Access Provence","url":"https:\/\/www.accessprovence.com\/","logo":{"@type":"ImageObject","inLanguage":"fr-FR","@id":"https:\/\/www.accessprovence.com\/#\/schema\/logo\/image\/","url":"https:\/\/www.accessprovence.com\/wp-content\/uploads\/2021\/05\/logo-blanc-final.png","contentUrl":"https:\/\/www.accessprovence.com\/wp-content\/uploads\/2021\/05\/logo-blanc-final.png","width":509,"height":197,"caption":"Access Provence"},"image":{"@id":"https:\/\/www.accessprovence.com\/#\/schema\/logo\/image\/"}},{"@type":"Person","@id":"https:\/\/www.accessprovence.com\/#\/schema\/person\/b6b692b04e4b27801b41ad1a669090b7","name":"support","image":{"@type":"ImageObject","inLanguage":"fr-FR","@id":"https:\/\/secure.gravatar.com\/avatar\/56adc09f5cbac0f0f63cf9e8526e2ca083d308645bd92288adada814859a944f?s=96&d=mm&r=g","url":"https:\/\/secure.gravatar.com\/avatar\/56adc09f5cbac0f0f63cf9e8526e2ca083d308645bd92288adada814859a944f?s=96&d=mm&r=g","contentUrl":"https:\/\/secure.gravatar.com\/avatar\/56adc09f5cbac0f0f63cf9e8526e2ca083d308645bd92288adada814859a944f?s=96&d=mm&r=g","caption":"support"},"sameAs":["http:\/\/www.accessprovence.com"],"url":"https:\/\/www.accessprovence.com\/index.php\/author\/support\/"}]}},"_links":{"self":[{"href":"https:\/\/www.accessprovence.com\/index.php\/wp-json\/wp\/v2\/posts\/562","targetHints":{"allow":["GET"]}}],"collection":[{"href":"https:\/\/www.accessprovence.com\/index.php\/wp-json\/wp\/v2\/posts"}],"about":[{"href":"https:\/\/www.accessprovence.com\/index.php\/wp-json\/wp\/v2\/types\/post"}],"author":[{"embeddable":true,"href":"https:\/\/www.accessprovence.com\/index.php\/wp-json\/wp\/v2\/users\/1"}],"replies":[{"embeddable":true,"href":"https:\/\/www.accessprovence.com\/index.php\/wp-json\/wp\/v2\/comments?post=562"}],"version-history":[{"count":4,"href":"https:\/\/www.accessprovence.com\/index.php\/wp-json\/wp\/v2\/posts\/562\/revisions"}],"predecessor-version":[{"id":1150,"href":"https:\/\/www.accessprovence.com\/index.php\/wp-json\/wp\/v2\/posts\/562\/revisions\/1150"}],"wp:featuredmedia":[{"embeddable":true,"href":"https:\/\/www.accessprovence.com\/index.php\/wp-json\/wp\/v2\/media\/436"}],"wp:attachment":[{"href":"https:\/\/www.accessprovence.com\/index.php\/wp-json\/wp\/v2\/media?parent=562"}],"wp:term":[{"taxonomy":"category","embeddable":true,"href":"https:\/\/www.accessprovence.com\/index.php\/wp-json\/wp\/v2\/categories?post=562"},{"taxonomy":"post_tag","embeddable":true,"href":"https:\/\/www.accessprovence.com\/index.php\/wp-json\/wp\/v2\/tags?post=562"}],"curies":[{"name":"wp","href":"https:\/\/api.w.org\/{rel}","templated":true}]}}